{"id":1335,"date":"2024-07-29T13:15:32","date_gmt":"2024-07-29T11:15:32","guid":{"rendered":"https:\/\/feuerwehr-freiburg.de\/abt09\/?p=1335"},"modified":"2024-07-29T13:15:32","modified_gmt":"2024-07-29T11:15:32","slug":"rueckblick-sommerfest-2024","status":"publish","type":"post","link":"https:\/\/feuerwehr-freiburg.de\/abt09\/rueckblick-sommerfest-2024\/","title":{"rendered":"R\u00fcckblick Sommerfest 2024"},"content":{"rendered":"\n<p>Am 26. und 27.07. wurde wieder auf dem Festgel\u00e4nde an der Bundschuhhalle gefeiert. Wir konnten uns \u00fcber zahlreiche Besucher freuen, denen ein abwechslungsreiches musikalisches Rahmenprogramm geboten wurde.  <\/p>\n\n\n\n<!--more-->\n\n\n\n<p>Die Fester\u00f6ffnung am Freitagabend erfolgte durch den Freiburger Oberb\u00fcrgermeister Martin Horn und die neu gew\u00e4hlte stellvertretende Ortsvorsteherin von Lehen Caroline Amann, die Gru\u00dfworte von Stadt und Gemeinde \u00fcberbrachten. <br>Anschlie\u00dfend schritt der OB zur Tat und er\u00f6ffnete das Fest mit dem traditionellen Fassanstich, musikalisch begleitet vom Musikzug der Feuerwehr Freiburg. <\/p>\n\n\n\n<p>Sp\u00e4ter an diesem lauen Sommerabend konnten die zahlreichen Besucher den Kl\u00e4ngen des S\u00e4ngers und Gitarristen Mike Furtw\u00e4ngler lauschen. <\/p>\n\n\n\n<p>Der Samstagabend begann musikalisch begleitet vom Musikverein Lehen, dem im Anschluss ein gewohnt lautstarker Auftritt der Guggemusik &#8222;Eckepf\u00e4tzer&#8220; folgte. Den musikalischen Abschluss bildete der stimmungsvolle Auftritt des &#8222;smilin-music-trio&#8220;.<\/p>\n\n\n\n<p>Insgesamt konnten wir an beiden Abenden ein breites Publikum aus Lehen und den angrenzenden Stadtteilen begr\u00fc\u00dfen, die sich auch vom wechselhaften Wetter am Samstag nicht abschrecken lie\u00dfen bei uns vorbeizukommen. <\/p>\n\n\n\n<p>Wir danken allen G\u00e4sten f\u00fcr Ihr Kommen und freuen uns schon aufs Sommerfest 2025!<\/p>\n\n\n\n<figure class=\"wp-block-gallery has-nested-images columns-default is-cropped wp-block-gallery-1 is-layout-flex wp-block-gallery-is-layout-flex\">\n<figure class=\"wp-block-image size-large\"><img loading=\"lazy\" decoding=\"async\" width=\"1024\" height=\"794\" data-id=\"1331\" src=\"https:\/\/feuerwehr-freiburg.de\/abt09\/wp-content\/uploads\/sites\/13\/2024\/07\/Sommerfest2024_01-1024x794.jpg\" alt=\"\" class=\"wp-image-1331\" srcset=\"https:\/\/feuerwehr-freiburg.de\/abt09\/wp-content\/uploads\/sites\/13\/2024\/07\/Sommerfest2024_01-1024x794.jpg 1024w, https:\/\/feuerwehr-freiburg.de\/abt09\/wp-content\/uploads\/sites\/13\/2024\/07\/Sommerfest2024_01-300x232.jpg 300w, https:\/\/feuerwehr-freiburg.de\/abt09\/wp-content\/uploads\/sites\/13\/2024\/07\/Sommerfest2024_01-768x595.jpg 768w, https:\/\/feuerwehr-freiburg.de\/abt09\/wp-content\/uploads\/sites\/13\/2024\/07\/Sommerfest2024_01.jpg 1395w\" sizes=\"(max-width: 1024px) 100vw, 1024px\" \/><\/figure>\n\n\n\n<figure class=\"wp-block-image size-large\"><img loading=\"lazy\" decoding=\"async\" width=\"1024\" height=\"768\" data-id=\"1332\" src=\"https:\/\/feuerwehr-freiburg.de\/abt09\/wp-content\/uploads\/sites\/13\/2024\/07\/Sommerfest2024_02-1024x768.jpg\" alt=\"\" class=\"wp-image-1332\" srcset=\"https:\/\/feuerwehr-freiburg.de\/abt09\/wp-content\/uploads\/sites\/13\/2024\/07\/Sommerfest2024_02-1024x768.jpg 1024w, https:\/\/feuerwehr-freiburg.de\/abt09\/wp-content\/uploads\/sites\/13\/2024\/07\/Sommerfest2024_02-300x225.jpg 300w, https:\/\/feuerwehr-freiburg.de\/abt09\/wp-content\/uploads\/sites\/13\/2024\/07\/Sommerfest2024_02-768x576.jpg 768w, https:\/\/feuerwehr-freiburg.de\/abt09\/wp-content\/uploads\/sites\/13\/2024\/07\/Sommerfest2024_02-1536x1152.jpg 1536w, https:\/\/feuerwehr-freiburg.de\/abt09\/wp-content\/uploads\/sites\/13\/2024\/07\/Sommerfest2024_02.jpg 2016w\" sizes=\"(max-width: 1024px) 100vw, 1024px\" \/><\/figure>\n\n\n\n<figure class=\"wp-block-image size-large\"><img loading=\"lazy\" decoding=\"async\" width=\"1024\" height=\"768\" data-id=\"1334\" src=\"https:\/\/feuerwehr-freiburg.de\/abt09\/wp-content\/uploads\/sites\/13\/2024\/07\/Sommerfest2024_03-1024x768.jpg\" alt=\"\" class=\"wp-image-1334\" srcset=\"https:\/\/feuerwehr-freiburg.de\/abt09\/wp-content\/uploads\/sites\/13\/2024\/07\/Sommerfest2024_03-1024x768.jpg 1024w, https:\/\/feuerwehr-freiburg.de\/abt09\/wp-content\/uploads\/sites\/13\/2024\/07\/Sommerfest2024_03-300x225.jpg 300w, https:\/\/feuerwehr-freiburg.de\/abt09\/wp-content\/uploads\/sites\/13\/2024\/07\/Sommerfest2024_03-768x576.jpg 768w, https:\/\/feuerwehr-freiburg.de\/abt09\/wp-content\/uploads\/sites\/13\/2024\/07\/Sommerfest2024_03-1536x1152.jpg 1536w, https:\/\/feuerwehr-freiburg.de\/abt09\/wp-content\/uploads\/sites\/13\/2024\/07\/Sommerfest2024_03.jpg 2016w\" sizes=\"(max-width: 1024px) 100vw, 1024px\" \/><\/figure>\n<\/figure>\n","protected":false},"excerpt":{"rendered":"<p>Am 26. und 27.07. wurde wieder auf dem Festgel\u00e4nde an der Bundschuhhalle gefeiert. Wir konnten uns \u00fcber zahlreiche Besucher freuen, denen ein abwechslungsreiches musikalisches Rahmenprogramm geboten wurde.<\/p>\n","protected":false},"author":92,"featured_media":1331,"comment_status":"closed","ping_status":"open","sticky":false,"template":"","format":"standard","meta":{"footnotes":""},"categories":[5],"tags":[18,19,31],"class_list":["post-1335","post","type-post","status-publish","format-standard","has-post-thumbnail","hentry","category-aktuelles","tag-abteilung-09","tag-lehen","tag-sommerfest"],"distributor_meta":false,"distributor_terms":false,"distributor_media":false,"distributor_original_site_name":"09 Lehen","distributor_original_site_url":"https:\/\/feuerwehr-freiburg.de\/abt09","push-errors":false,"_links":{"self":[{"href":"https:\/\/feuerwehr-freiburg.de\/abt09\/wp-json\/wp\/v2\/posts\/1335","targetHints":{"allow":["GET"]}}],"collection":[{"href":"https:\/\/feuerwehr-freiburg.de\/abt09\/wp-json\/wp\/v2\/posts"}],"about":[{"href":"https:\/\/feuerwehr-freiburg.de\/abt09\/wp-json\/wp\/v2\/types\/post"}],"author":[{"embeddable":true,"href":"https:\/\/feuerwehr-freiburg.de\/abt09\/wp-json\/wp\/v2\/users\/92"}],"replies":[{"embeddable":true,"href":"https:\/\/feuerwehr-freiburg.de\/abt09\/wp-json\/wp\/v2\/comments?post=1335"}],"version-history":[{"count":1,"href":"https:\/\/feuerwehr-freiburg.de\/abt09\/wp-json\/wp\/v2\/posts\/1335\/revisions"}],"predecessor-version":[{"id":1336,"href":"https:\/\/feuerwehr-freiburg.de\/abt09\/wp-json\/wp\/v2\/posts\/1335\/revisions\/1336"}],"wp:featuredmedia":[{"embeddable":true,"href":"https:\/\/feuerwehr-freiburg.de\/abt09\/wp-json\/wp\/v2\/media\/1331"}],"wp:attachment":[{"href":"https:\/\/feuerwehr-freiburg.de\/abt09\/wp-json\/wp\/v2\/media?parent=1335"}],"wp:term":[{"taxonomy":"category","embeddable":true,"href":"https:\/\/feuerwehr-freiburg.de\/abt09\/wp-json\/wp\/v2\/categories?post=1335"},{"taxonomy":"post_tag","embeddable":true,"href":"https:\/\/feuerwehr-freiburg.de\/abt09\/wp-json\/wp\/v2\/tags?post=1335"}],"curies":[{"name":"wp","href":"https:\/\/api.w.org\/{rel}","templated":true}]}}