{"id":1802,"date":"2026-03-17T13:35:23","date_gmt":"2026-03-17T12:35:23","guid":{"rendered":"https:\/\/feuerwehr-freiburg.de\/abt07\/?p=1802"},"modified":"2026-03-17T13:39:07","modified_gmt":"2026-03-17T12:39:07","slug":"jhv-2025","status":"publish","type":"post","link":"https:\/\/feuerwehr-freiburg.de\/abt07\/jhv-2025\/","title":{"rendered":"Jahreshauptversammlung f\u00fcr das Berichtsjahr 2025"},"content":{"rendered":"\n<p>Am 14. M\u00e4rz 2026 fand unsere Jahreshauptversammlung statt. Neben den Berichten zum vergangenen Jahr konnten wir auch mehrere G\u00e4ste begr\u00fc\u00dfen: den neuen Amtsleiter und Kommandanten der Feuerwehr Freiburg\u00a0Christian Emrich, Stadtbrandmeister Achim M\u00fcller, den Vizepr\u00e4sidenten des LFV Baden-W\u00fcrttemberg und Vorsitzenden des Stadtfeuerwehrverbandes Robin F\u00f6rster sowie den Abteilungskommandanten der Abteilung 01 Oberstadt Daniel Hackenjos.<\/p>\n\n\n\n<!--more-->\n\n\n\n<p>Im Jahresbericht wurde auf ein arbeitsreiches Jahr zur\u00fcckgeblickt. Unsere Einsatzabteilung z\u00e4hlt aktuell 31 aktive Mitglieder mit einem Durchschnittsalter von 36,84 Jahren. Im Jahr 2025 wurden insgesamt 75 Eins\u00e4tze abgearbeitet, darunter Brandeins\u00e4tze, technische Hilfeleistungen sowie verschiedene Sonderlagen. Auch Aus- und Fortbildung, \u00dcbungen sowie zahlreiche Veranstaltungen und kameradschaftliche Aktivit\u00e4ten pr\u00e4gten das Jahr. Insgesamt kamen dabei \u00fcber 8.000 Teilnehmerstunden zusammen.<\/p>\n\n\n\n<p>Auch die Jugendfeuerwehr der Abteilungen 01 und 07 blickte auf ein aktives Jahr mit vielen \u00dcbungen, Veranstaltungen und rund 3.200 Gesamtstunden Engagement zur\u00fcck.<\/p>\n\n\n\n<p>Ein besonderer Moment der Versammlung waren die Bef\u00f6rderungen und Ehrungen:<\/p>\n\n\n\n<p>\ud83c\udf96 Bef\u00f6rderungen<br>Feuerwehrmann: Jan Martinus Berger, Federico Bonofiglio<br>Hauptfeuerwehrmann: Lukas Moritz<br>L\u00f6schmeister: Cedric Hohl<br>Hauptl\u00f6schmeister: Christian Janz<\/p>\n\n\n\n<p>\ud83c\udfc5 Ehrungen f\u00fcr langj\u00e4hrige Mitgliedschaft<br>Feuerwehr-Ehrenzeichen in Bronze (15 Jahre): Dr. Anna Ott<br>Feuerwehr-Ehrenzeichen in Silber (25 Jahre): Jonathan M\u00fcller<\/p>\n\n\n\n<p>Wir danken allen Kameradinnen und Kameraden f\u00fcr ihr Engagement im vergangenen Jahr im Einsatzdienst, in der Aus- und Fortbildung, in der Jugendarbeit und f\u00fcr die Kameradschaft innerhalb unserer Abteilung.<\/p>\n\n\n\n<figure class=\"wp-block-gallery has-nested-images columns-2 is-cropped wp-block-gallery-1 is-layout-flex wp-block-gallery-is-layout-flex\">\n<figure class=\"wp-block-image size-full\"><img loading=\"lazy\" decoding=\"async\" width=\"1920\" height=\"2560\" data-id=\"1806\" src=\"https:\/\/feuerwehr-freiburg.de\/abt07\/wp-content\/uploads\/sites\/11\/2026\/03\/3-scaled.png\" alt=\"\" class=\"wp-image-1806\" srcset=\"https:\/\/feuerwehr-freiburg.de\/abt07\/wp-content\/uploads\/sites\/11\/2026\/03\/3-scaled.png 1920w, https:\/\/feuerwehr-freiburg.de\/abt07\/wp-content\/uploads\/sites\/11\/2026\/03\/3-225x300.png 225w, https:\/\/feuerwehr-freiburg.de\/abt07\/wp-content\/uploads\/sites\/11\/2026\/03\/3-768x1024.png 768w, https:\/\/feuerwehr-freiburg.de\/abt07\/wp-content\/uploads\/sites\/11\/2026\/03\/3-1152x1536.png 1152w, https:\/\/feuerwehr-freiburg.de\/abt07\/wp-content\/uploads\/sites\/11\/2026\/03\/3-1536x2048.png 1536w\" sizes=\"(max-width: 1920px) 100vw, 1920px\" \/><\/figure>\n\n\n\n<figure class=\"wp-block-image size-full\"><img loading=\"lazy\" decoding=\"async\" width=\"1920\" height=\"2560\" data-id=\"1809\" src=\"https:\/\/feuerwehr-freiburg.de\/abt07\/wp-content\/uploads\/sites\/11\/2026\/03\/5-scaled.png\" alt=\"\" class=\"wp-image-1809\" srcset=\"https:\/\/feuerwehr-freiburg.de\/abt07\/wp-content\/uploads\/sites\/11\/2026\/03\/5-scaled.png 1920w, https:\/\/feuerwehr-freiburg.de\/abt07\/wp-content\/uploads\/sites\/11\/2026\/03\/5-225x300.png 225w, https:\/\/feuerwehr-freiburg.de\/abt07\/wp-content\/uploads\/sites\/11\/2026\/03\/5-768x1024.png 768w, https:\/\/feuerwehr-freiburg.de\/abt07\/wp-content\/uploads\/sites\/11\/2026\/03\/5-1152x1536.png 1152w, https:\/\/feuerwehr-freiburg.de\/abt07\/wp-content\/uploads\/sites\/11\/2026\/03\/5-1536x2048.png 1536w\" sizes=\"(max-width: 1920px) 100vw, 1920px\" \/><\/figure>\n\n\n\n<figure class=\"wp-block-image size-full\"><img loading=\"lazy\" decoding=\"async\" width=\"1920\" height=\"2560\" data-id=\"1807\" src=\"https:\/\/feuerwehr-freiburg.de\/abt07\/wp-content\/uploads\/sites\/11\/2026\/03\/7-scaled.png\" alt=\"\" class=\"wp-image-1807\" srcset=\"https:\/\/feuerwehr-freiburg.de\/abt07\/wp-content\/uploads\/sites\/11\/2026\/03\/7-scaled.png 1920w, https:\/\/feuerwehr-freiburg.de\/abt07\/wp-content\/uploads\/sites\/11\/2026\/03\/7-225x300.png 225w, https:\/\/feuerwehr-freiburg.de\/abt07\/wp-content\/uploads\/sites\/11\/2026\/03\/7-768x1024.png 768w, https:\/\/feuerwehr-freiburg.de\/abt07\/wp-content\/uploads\/sites\/11\/2026\/03\/7-1152x1536.png 1152w, https:\/\/feuerwehr-freiburg.de\/abt07\/wp-content\/uploads\/sites\/11\/2026\/03\/7-1536x2048.png 1536w\" sizes=\"(max-width: 1920px) 100vw, 1920px\" \/><\/figure>\n\n\n\n<figure class=\"wp-block-image size-full\"><img loading=\"lazy\" decoding=\"async\" width=\"1920\" height=\"2560\" data-id=\"1808\" src=\"https:\/\/feuerwehr-freiburg.de\/abt07\/wp-content\/uploads\/sites\/11\/2026\/03\/9-scaled.png\" alt=\"\" class=\"wp-image-1808\" srcset=\"https:\/\/feuerwehr-freiburg.de\/abt07\/wp-content\/uploads\/sites\/11\/2026\/03\/9-scaled.png 1920w, https:\/\/feuerwehr-freiburg.de\/abt07\/wp-content\/uploads\/sites\/11\/2026\/03\/9-225x300.png 225w, https:\/\/feuerwehr-freiburg.de\/abt07\/wp-content\/uploads\/sites\/11\/2026\/03\/9-768x1024.png 768w, https:\/\/feuerwehr-freiburg.de\/abt07\/wp-content\/uploads\/sites\/11\/2026\/03\/9-1152x1536.png 1152w, https:\/\/feuerwehr-freiburg.de\/abt07\/wp-content\/uploads\/sites\/11\/2026\/03\/9-1536x2048.png 1536w\" sizes=\"(max-width: 1920px) 100vw, 1920px\" \/><\/figure>\n<\/figure>\n","protected":false},"excerpt":{"rendered":"<p>Am 14. M\u00e4rz 2026 fand unsere Jahreshauptversammlung statt. Neben den Berichten zum vergangenen Jahr konnten wir auch mehrere G\u00e4ste begr\u00fc\u00dfen: den neuen Amtsleiter und Kommandanten der Feuerwehr Freiburg\u00a0Christian Emrich, Stadtbrandmeister Achim M\u00fcller, den Vizepr\u00e4sidenten des LFV Baden-W\u00fcrttemberg und Vorsitzenden des Stadtfeuerwehrverbandes Robin F\u00f6rster sowie den Abteilungskommandanten der Abteilung 01 Oberstadt Daniel Hackenjos.<\/p>\n","protected":false},"author":46,"featured_media":1803,"comment_status":"closed","ping_status":"open","sticky":false,"template":"","format":"standard","meta":{"footnotes":""},"categories":[5],"tags":[],"class_list":["post-1802","post","type-post","status-publish","format-standard","has-post-thumbnail","hentry","category-aktuelles"],"distributor_meta":false,"distributor_terms":false,"distributor_media":false,"distributor_original_site_name":"07 Wiehre","distributor_original_site_url":"https:\/\/feuerwehr-freiburg.de\/abt07","push-errors":false,"_links":{"self":[{"href":"https:\/\/feuerwehr-freiburg.de\/abt07\/wp-json\/wp\/v2\/posts\/1802","targetHints":{"allow":["GET"]}}],"collection":[{"href":"https:\/\/feuerwehr-freiburg.de\/abt07\/wp-json\/wp\/v2\/posts"}],"about":[{"href":"https:\/\/feuerwehr-freiburg.de\/abt07\/wp-json\/wp\/v2\/types\/post"}],"author":[{"embeddable":true,"href":"https:\/\/feuerwehr-freiburg.de\/abt07\/wp-json\/wp\/v2\/users\/46"}],"replies":[{"embeddable":true,"href":"https:\/\/feuerwehr-freiburg.de\/abt07\/wp-json\/wp\/v2\/comments?post=1802"}],"version-history":[{"count":4,"href":"https:\/\/feuerwehr-freiburg.de\/abt07\/wp-json\/wp\/v2\/posts\/1802\/revisions"}],"predecessor-version":[{"id":1813,"href":"https:\/\/feuerwehr-freiburg.de\/abt07\/wp-json\/wp\/v2\/posts\/1802\/revisions\/1813"}],"wp:featuredmedia":[{"embeddable":true,"href":"https:\/\/feuerwehr-freiburg.de\/abt07\/wp-json\/wp\/v2\/media\/1803"}],"wp:attachment":[{"href":"https:\/\/feuerwehr-freiburg.de\/abt07\/wp-json\/wp\/v2\/media?parent=1802"}],"wp:term":[{"taxonomy":"category","embeddable":true,"href":"https:\/\/feuerwehr-freiburg.de\/abt07\/wp-json\/wp\/v2\/categories?post=1802"},{"taxonomy":"post_tag","embeddable":true,"href":"https:\/\/feuerwehr-freiburg.de\/abt07\/wp-json\/wp\/v2\/tags?post=1802"}],"curies":[{"name":"wp","href":"https:\/\/api.w.org\/{rel}","templated":true}]}}