{"id":1722,"date":"2025-06-06T12:39:06","date_gmt":"2025-06-06T10:39:06","guid":{"rendered":"https:\/\/feuerwehr-freiburg.de\/abt07\/?p=1722"},"modified":"2025-06-20T09:34:48","modified_gmt":"2025-06-20T07:34:48","slug":"blaulichttag-freiburg-2025","status":"publish","type":"post","link":"https:\/\/feuerwehr-freiburg.de\/abt07\/blaulichttag-freiburg-2025\/","title":{"rendered":"Blaulichttag Freiburg 2025"},"content":{"rendered":"\n<p>Die Freiwillige Feuerwehr Freiburg \u2013 Abteilung 07 Wiehre veranstaltet auch in diesem Jahr den Blaulichttag Freiburg am Samstag, den 28. Juni 2025 zwischen 10:00 und 20:00 Uhr am Feuerwehrger\u00e4tehaus in der Urachstra\u00dfe 5.<\/p>\n\n\n\n<!--more-->\n\n\n<div class=\"wp-block-image\">\n<figure class=\"aligncenter size-full\"><img loading=\"lazy\" decoding=\"async\" width=\"2560\" height=\"768\" src=\"https:\/\/feuerwehr-freiburg.de\/abt07\/wp-content\/uploads\/sites\/11\/2025\/06\/Teilnehmer-HiOrg-Logos_1-scaled.png\" alt=\"\" class=\"wp-image-1731\" srcset=\"https:\/\/feuerwehr-freiburg.de\/abt07\/wp-content\/uploads\/sites\/11\/2025\/06\/Teilnehmer-HiOrg-Logos_1-scaled.png 2560w, https:\/\/feuerwehr-freiburg.de\/abt07\/wp-content\/uploads\/sites\/11\/2025\/06\/Teilnehmer-HiOrg-Logos_1-300x90.png 300w, https:\/\/feuerwehr-freiburg.de\/abt07\/wp-content\/uploads\/sites\/11\/2025\/06\/Teilnehmer-HiOrg-Logos_1-1024x307.png 1024w, https:\/\/feuerwehr-freiburg.de\/abt07\/wp-content\/uploads\/sites\/11\/2025\/06\/Teilnehmer-HiOrg-Logos_1-768x230.png 768w, https:\/\/feuerwehr-freiburg.de\/abt07\/wp-content\/uploads\/sites\/11\/2025\/06\/Teilnehmer-HiOrg-Logos_1-1536x461.png 1536w, https:\/\/feuerwehr-freiburg.de\/abt07\/wp-content\/uploads\/sites\/11\/2025\/06\/Teilnehmer-HiOrg-Logos_1-2048x614.png 2048w\" sizes=\"(max-width: 2560px) 100vw, 2560px\" \/><\/figure>\n<\/div>\n\n\n<p><strong>Teilnehmer:<\/strong><br>Freiwillige Feuerwehr, Malteser-Hilfsdienst, Landespolizei, Technisches Hilfswerk (THW), Bergwacht Schwarzwald, Rettungshundestaffel der Malteser, Rettungstaucher \u201ePinguine\u201c, Deutsche Lebens-Rettungs-Gesellschaft (DLRG), Zoll, Justizvollzugsdienst, Johanniter, Region der Lebensretter e.V., First Aid For All (FAFA)<br><strong><br>Programm:<\/strong><br>&#8211; Informative St\u00e4nde und spannende Schau\u00fcbungen von verschiedenen Hilfsorganisationen<br>&#8211; Workshops z.B. zur Herz-Lungen-Wiederbelebung und Feuerl\u00f6scher-Training.<br>&#8211; Kinderprogramm mit Feuerwehr-H\u00fcpfburg, interaktivem Stationsquiz und Rundfahrten im Feuerwehrauto.<br><\/p>\n\n\n\n<p>10:30 Uhr Offizielle Er\u00f6ffnung durch OB Martin Horn<\/p>\n\n\n\n<p><strong><br>Schau\u00fcbungen:<\/strong><br>11:00 Uhr Personensuche mit Rettungshunden<br>11:30 Uhr Brandbek\u00e4mpfung mit L\u00f6schangriff<br>12:30 Uhr Herz-Lungen-Wiederbelebung<br>13:30 Uhr Zollkontrolle<br>14:30 Uhr Baumrettung<br>15:30 Uhr Verkehrsunfall mit Patientenrettung<br>16:30 Uhr Personensuche mit Rettungshunden<br>17:00 Uhr Demonstration einer Fettexplosion<br><br><strong>F\u00fcr das leibliche Wohl:<\/strong><br>&#8211; Alkoholfreie Getr\u00e4nke &amp; Bier der Ganter-Brauerei <br>&#8211; Pommes, Grillgut und Chili-Sin-Carne<br>&#8211; Cr\u00eapes, Eis, Kaffee und Kuchen<br><br>Sei dabei und erlebe einen Tag voller Action und Engagement!<br><br>\ud83d\udc49 Mehr Infos auf <a href=\"http:\/\/www.blaulichttag.com\" data-type=\"link\" data-id=\"www.blaulichttag.com\" target=\"_blank\" rel=\"noreferrer noopener\">www.blaulichttag.com<\/a> oder auf unseren Social-Media-Kan\u00e4len @blaulichttag<\/p>\n\n\n\n<div class=\"wp-block-columns are-vertically-aligned-center is-layout-flex wp-container-core-columns-is-layout-9d6595d7 wp-block-columns-is-layout-flex\">\n<div class=\"wp-block-column is-vertically-aligned-center is-layout-flow wp-block-column-is-layout-flow\">\n<figure class=\"wp-block-image size-full\"><img loading=\"lazy\" decoding=\"async\" width=\"1810\" height=\"2560\" src=\"https:\/\/feuerwehr-freiburg.de\/abt07\/wp-content\/uploads\/sites\/11\/2025\/06\/Blaulichttag-Freiburg-2025_Plakat-und-Programm_1-scaled.png\" alt=\"\" class=\"wp-image-1730\" srcset=\"https:\/\/feuerwehr-freiburg.de\/abt07\/wp-content\/uploads\/sites\/11\/2025\/06\/Blaulichttag-Freiburg-2025_Plakat-und-Programm_1-scaled.png 1810w, https:\/\/feuerwehr-freiburg.de\/abt07\/wp-content\/uploads\/sites\/11\/2025\/06\/Blaulichttag-Freiburg-2025_Plakat-und-Programm_1-212x300.png 212w, https:\/\/feuerwehr-freiburg.de\/abt07\/wp-content\/uploads\/sites\/11\/2025\/06\/Blaulichttag-Freiburg-2025_Plakat-und-Programm_1-724x1024.png 724w, https:\/\/feuerwehr-freiburg.de\/abt07\/wp-content\/uploads\/sites\/11\/2025\/06\/Blaulichttag-Freiburg-2025_Plakat-und-Programm_1-768x1086.png 768w, https:\/\/feuerwehr-freiburg.de\/abt07\/wp-content\/uploads\/sites\/11\/2025\/06\/Blaulichttag-Freiburg-2025_Plakat-und-Programm_1-1086x1536.png 1086w, https:\/\/feuerwehr-freiburg.de\/abt07\/wp-content\/uploads\/sites\/11\/2025\/06\/Blaulichttag-Freiburg-2025_Plakat-und-Programm_1-1448x2048.png 1448w\" sizes=\"(max-width: 1810px) 100vw, 1810px\" \/><\/figure>\n<\/div>\n\n\n\n<div class=\"wp-block-column is-vertically-aligned-center is-layout-flow wp-block-column-is-layout-flow\">\n<figure class=\"wp-block-image size-full\"><img loading=\"lazy\" decoding=\"async\" width=\"1810\" height=\"2560\" src=\"https:\/\/feuerwehr-freiburg.de\/abt07\/wp-content\/uploads\/sites\/11\/2025\/06\/Blaulichttag-Freiburg-2025_Plakat-und-Programm_2-scaled.png\" alt=\"\" class=\"wp-image-1729\" srcset=\"https:\/\/feuerwehr-freiburg.de\/abt07\/wp-content\/uploads\/sites\/11\/2025\/06\/Blaulichttag-Freiburg-2025_Plakat-und-Programm_2-scaled.png 1810w, https:\/\/feuerwehr-freiburg.de\/abt07\/wp-content\/uploads\/sites\/11\/2025\/06\/Blaulichttag-Freiburg-2025_Plakat-und-Programm_2-212x300.png 212w, https:\/\/feuerwehr-freiburg.de\/abt07\/wp-content\/uploads\/sites\/11\/2025\/06\/Blaulichttag-Freiburg-2025_Plakat-und-Programm_2-724x1024.png 724w, https:\/\/feuerwehr-freiburg.de\/abt07\/wp-content\/uploads\/sites\/11\/2025\/06\/Blaulichttag-Freiburg-2025_Plakat-und-Programm_2-768x1086.png 768w, https:\/\/feuerwehr-freiburg.de\/abt07\/wp-content\/uploads\/sites\/11\/2025\/06\/Blaulichttag-Freiburg-2025_Plakat-und-Programm_2-1086x1536.png 1086w, https:\/\/feuerwehr-freiburg.de\/abt07\/wp-content\/uploads\/sites\/11\/2025\/06\/Blaulichttag-Freiburg-2025_Plakat-und-Programm_2-1448x2048.png 1448w\" sizes=\"(max-width: 1810px) 100vw, 1810px\" \/><\/figure>\n<\/div>\n<\/div>\n","protected":false},"excerpt":{"rendered":"<p>Die Freiwillige Feuerwehr Freiburg \u2013 Abteilung 07 Wiehre veranstaltet auch in diesem Jahr den Blaulichttag Freiburg am Samstag, den 28. Juni 2025 zwischen 10:00 und 20:00 Uhr am Feuerwehrger\u00e4tehaus in der Urachstra\u00dfe 5.<\/p>\n","protected":false},"author":46,"featured_media":1723,"comment_status":"closed","ping_status":"open","sticky":false,"template":"","format":"standard","meta":{"footnotes":""},"categories":[5],"tags":[],"class_list":["post-1722","post","type-post","status-publish","format-standard","has-post-thumbnail","hentry","category-aktuelles"],"distributor_meta":false,"distributor_terms":false,"distributor_media":false,"distributor_original_site_name":"07 Wiehre","distributor_original_site_url":"https:\/\/feuerwehr-freiburg.de\/abt07","push-errors":false,"_links":{"self":[{"href":"https:\/\/feuerwehr-freiburg.de\/abt07\/wp-json\/wp\/v2\/posts\/1722","targetHints":{"allow":["GET"]}}],"collection":[{"href":"https:\/\/feuerwehr-freiburg.de\/abt07\/wp-json\/wp\/v2\/posts"}],"about":[{"href":"https:\/\/feuerwehr-freiburg.de\/abt07\/wp-json\/wp\/v2\/types\/post"}],"author":[{"embeddable":true,"href":"https:\/\/feuerwehr-freiburg.de\/abt07\/wp-json\/wp\/v2\/users\/46"}],"replies":[{"embeddable":true,"href":"https:\/\/feuerwehr-freiburg.de\/abt07\/wp-json\/wp\/v2\/comments?post=1722"}],"version-history":[{"count":5,"href":"https:\/\/feuerwehr-freiburg.de\/abt07\/wp-json\/wp\/v2\/posts\/1722\/revisions"}],"predecessor-version":[{"id":1733,"href":"https:\/\/feuerwehr-freiburg.de\/abt07\/wp-json\/wp\/v2\/posts\/1722\/revisions\/1733"}],"wp:featuredmedia":[{"embeddable":true,"href":"https:\/\/feuerwehr-freiburg.de\/abt07\/wp-json\/wp\/v2\/media\/1723"}],"wp:attachment":[{"href":"https:\/\/feuerwehr-freiburg.de\/abt07\/wp-json\/wp\/v2\/media?parent=1722"}],"wp:term":[{"taxonomy":"category","embeddable":true,"href":"https:\/\/feuerwehr-freiburg.de\/abt07\/wp-json\/wp\/v2\/categories?post=1722"},{"taxonomy":"post_tag","embeddable":true,"href":"https:\/\/feuerwehr-freiburg.de\/abt07\/wp-json\/wp\/v2\/tags?post=1722"}],"curies":[{"name":"wp","href":"https:\/\/api.w.org\/{rel}","templated":true}]}}